{"id":312,"date":"2014-02-27T15:37:16","date_gmt":"2014-02-27T15:37:16","guid":{"rendered":"http:\/\/kallenborn-stukkateur.de\/?p=312"},"modified":"2014-03-03T12:14:23","modified_gmt":"2014-03-03T12:14:23","slug":"akustikdecken-fur-besseres-lehren-und-lernen","status":"publish","type":"post","link":"https:\/\/kallenborn-stukkateur.de\/?p=312","title":{"rendered":"Akustikdecken f\u00fcr besseres Lehren und Lernen"},"content":{"rendered":"<p><a href=\"https:\/\/kallenborn-stukkateur.de\/wp\/wp-content\/uploads\/2014\/02\/20140303_102836_resized.jpg\"><img loading=\"lazy\" decoding=\"async\" class=\"alignnone size-full wp-image-437\" alt=\"20140303_102836_resized\" src=\"https:\/\/kallenborn-stukkateur.de\/wp\/wp-content\/uploads\/2014\/02\/20140303_102836_resized.jpg\" width=\"1920\" height=\"1440\" srcset=\"https:\/\/kallenborn-stukkateur.de\/wp\/wp-content\/uploads\/2014\/02\/20140303_102836_resized.jpg 1920w, https:\/\/kallenborn-stukkateur.de\/wp\/wp-content\/uploads\/2014\/02\/20140303_102836_resized-300x225.jpg 300w, https:\/\/kallenborn-stukkateur.de\/wp\/wp-content\/uploads\/2014\/02\/20140303_102836_resized-1024x768.jpg 1024w, https:\/\/kallenborn-stukkateur.de\/wp\/wp-content\/uploads\/2014\/02\/20140303_102836_resized-400x300.jpg 400w\" sizes=\"auto, (max-width: 1920px) 100vw, 1920px\" \/><\/a>Aktuell statten wir einige Klassenr\u00e4ume des Johannes-Kepler-Gymnasium in Lebach,<\/p>\n<p>mit Akustikdecken KNAUF AMF aus.<\/p>\n<p>Damit verbessern sich die Arbeitsbedingungen\u00a0 f\u00fcr Lehrpersonal und Sch\u00fcler<\/p>\n<p>Zun\u00e4chst musste die Baustellenbeschickung per Kranlogistik erfolgen<a href=\"https:\/\/kallenborn-stukkateur.de\/wp\/wp-content\/uploads\/2014\/02\/20140226_083022_resized_1.jpg\"><img loading=\"lazy\" decoding=\"async\" class=\"alignnone size-full wp-image-314\" title=\"20140226_083022_resized_1\" alt=\"\" src=\"https:\/\/kallenborn-stukkateur.de\/wp\/wp-content\/uploads\/2014\/02\/20140226_083022_resized_1.jpg\" width=\"1280\" height=\"960\" srcset=\"https:\/\/kallenborn-stukkateur.de\/wp\/wp-content\/uploads\/2014\/02\/20140226_083022_resized_1.jpg 1280w, https:\/\/kallenborn-stukkateur.de\/wp\/wp-content\/uploads\/2014\/02\/20140226_083022_resized_1-300x225.jpg 300w, https:\/\/kallenborn-stukkateur.de\/wp\/wp-content\/uploads\/2014\/02\/20140226_083022_resized_1-1024x768.jpg 1024w, https:\/\/kallenborn-stukkateur.de\/wp\/wp-content\/uploads\/2014\/02\/20140226_083022_resized_1-400x300.jpg 400w\" sizes=\"auto, (max-width: 1280px) 100vw, 1280px\" \/><\/a><\/p>\n<p><a href=\"https:\/\/kallenborn-stukkateur.de\/wp\/wp-content\/uploads\/2014\/02\/20140226_083004_resized.jpg\"><img loading=\"lazy\" decoding=\"async\" class=\"alignnone size-full wp-image-313\" title=\"Kranlogistik\" alt=\"\" src=\"https:\/\/kallenborn-stukkateur.de\/wp\/wp-content\/uploads\/2014\/02\/20140226_083004_resized.jpg\" width=\"1280\" height=\"960\" srcset=\"https:\/\/kallenborn-stukkateur.de\/wp\/wp-content\/uploads\/2014\/02\/20140226_083004_resized.jpg 1280w, https:\/\/kallenborn-stukkateur.de\/wp\/wp-content\/uploads\/2014\/02\/20140226_083004_resized-300x225.jpg 300w, https:\/\/kallenborn-stukkateur.de\/wp\/wp-content\/uploads\/2014\/02\/20140226_083004_resized-1024x768.jpg 1024w, https:\/\/kallenborn-stukkateur.de\/wp\/wp-content\/uploads\/2014\/02\/20140226_083004_resized-400x300.jpg 400w\" sizes=\"auto, (max-width: 1280px) 100vw, 1280px\" \/><\/a><\/p>\n<p>Dann konnte mit den eigentlichen Arbeiten, den Akustikdecken begonnen werden.<\/p>\n<p>Hier sehen Sie die ersten Ausf\u00fchrungsschritte einer Akustikdecke, KNAUF AMF Star VT<a href=\"https:\/\/kallenborn-stukkateur.de\/wp\/wp-content\/uploads\/2014\/02\/20140227_131056_resized.jpg\"><img loading=\"lazy\" decoding=\"async\" class=\"alignnone size-full wp-image-315\" title=\"20140227_131056_resized\" alt=\"\" src=\"https:\/\/kallenborn-stukkateur.de\/wp\/wp-content\/uploads\/2014\/02\/20140227_131056_resized.jpg\" width=\"1280\" height=\"960\" srcset=\"https:\/\/kallenborn-stukkateur.de\/wp\/wp-content\/uploads\/2014\/02\/20140227_131056_resized.jpg 1280w, https:\/\/kallenborn-stukkateur.de\/wp\/wp-content\/uploads\/2014\/02\/20140227_131056_resized-300x225.jpg 300w, https:\/\/kallenborn-stukkateur.de\/wp\/wp-content\/uploads\/2014\/02\/20140227_131056_resized-1024x768.jpg 1024w, https:\/\/kallenborn-stukkateur.de\/wp\/wp-content\/uploads\/2014\/02\/20140227_131056_resized-400x300.jpg 400w\" sizes=\"auto, (max-width: 1280px) 100vw, 1280px\" \/><\/a><\/p>\n<p>Bleiben Sie dabei und verfolgen die Fertigstellung der Arbeiten .<\/p>\n<p>Nachfolgend einige Montageschritte der Akustikdeckenmontage<\/p>\n<p>&nbsp;<\/p>\n<p>1. Schritt : Anlegen der L\u00e4ngsrichtung f\u00fcr die Unterkonstruktion mittels Laser<a href=\"https:\/\/kallenborn-stukkateur.de\/wp\/wp-content\/uploads\/2014\/02\/20140303_102836_resized.jpg\"><img loading=\"lazy\" decoding=\"async\" class=\"alignnone size-full wp-image-437\" alt=\"20140303_102836_resized\" src=\"https:\/\/kallenborn-stukkateur.de\/wp\/wp-content\/uploads\/2014\/02\/20140303_102836_resized.jpg\" width=\"1920\" height=\"1440\" srcset=\"https:\/\/kallenborn-stukkateur.de\/wp\/wp-content\/uploads\/2014\/02\/20140303_102836_resized.jpg 1920w, https:\/\/kallenborn-stukkateur.de\/wp\/wp-content\/uploads\/2014\/02\/20140303_102836_resized-300x225.jpg 300w, https:\/\/kallenborn-stukkateur.de\/wp\/wp-content\/uploads\/2014\/02\/20140303_102836_resized-1024x768.jpg 1024w, https:\/\/kallenborn-stukkateur.de\/wp\/wp-content\/uploads\/2014\/02\/20140303_102836_resized-400x300.jpg 400w\" sizes=\"auto, (max-width: 1920px) 100vw, 1920px\" \/><\/a><\/p>\n<p>2.Schritt: Montage der Hauptschienen Unterkonstruktion<a href=\"https:\/\/kallenborn-stukkateur.de\/wp\/wp-content\/uploads\/2014\/02\/20140303_103319.jpg\"><img loading=\"lazy\" decoding=\"async\" class=\"alignnone size-full wp-image-442\" alt=\"20140303_103319\" src=\"https:\/\/kallenborn-stukkateur.de\/wp\/wp-content\/uploads\/2014\/02\/20140303_103319.jpg\" width=\"2560\" height=\"1920\" srcset=\"https:\/\/kallenborn-stukkateur.de\/wp\/wp-content\/uploads\/2014\/02\/20140303_103319.jpg 2560w, https:\/\/kallenborn-stukkateur.de\/wp\/wp-content\/uploads\/2014\/02\/20140303_103319-300x225.jpg 300w, https:\/\/kallenborn-stukkateur.de\/wp\/wp-content\/uploads\/2014\/02\/20140303_103319-1024x768.jpg 1024w, https:\/\/kallenborn-stukkateur.de\/wp\/wp-content\/uploads\/2014\/02\/20140303_103319-400x300.jpg 400w\" sizes=\"auto, (max-width: 2560px) 100vw, 2560px\" \/><\/a><\/p>\n<p>3.Schritt: Einbau der Querprofile Unterkonstruktion<a href=\"https:\/\/kallenborn-stukkateur.de\/wp\/wp-content\/uploads\/2014\/02\/20140303_105858.jpg\"><img loading=\"lazy\" decoding=\"async\" class=\"alignnone size-full wp-image-443\" alt=\"20140303_105858\" src=\"https:\/\/kallenborn-stukkateur.de\/wp\/wp-content\/uploads\/2014\/02\/20140303_105858.jpg\" width=\"2560\" height=\"1920\" srcset=\"https:\/\/kallenborn-stukkateur.de\/wp\/wp-content\/uploads\/2014\/02\/20140303_105858.jpg 2560w, https:\/\/kallenborn-stukkateur.de\/wp\/wp-content\/uploads\/2014\/02\/20140303_105858-300x225.jpg 300w, https:\/\/kallenborn-stukkateur.de\/wp\/wp-content\/uploads\/2014\/02\/20140303_105858-1024x768.jpg 1024w, https:\/\/kallenborn-stukkateur.de\/wp\/wp-content\/uploads\/2014\/02\/20140303_105858-400x300.jpg 400w\" sizes=\"auto, (max-width: 2560px) 100vw, 2560px\" \/><\/a><\/p>\n<p>4. Schritt: Einbau der Akustikdeckenplatten<\/p>\n<p><a href=\"https:\/\/kallenborn-stukkateur.de\/wp\/wp-content\/uploads\/2014\/02\/20140227_131056_resized.jpg\"><img loading=\"lazy\" decoding=\"async\" class=\"alignnone size-full wp-image-315\" alt=\"20140227_131056_resized\" src=\"https:\/\/kallenborn-stukkateur.de\/wp\/wp-content\/uploads\/2014\/02\/20140227_131056_resized.jpg\" width=\"1280\" height=\"960\" srcset=\"https:\/\/kallenborn-stukkateur.de\/wp\/wp-content\/uploads\/2014\/02\/20140227_131056_resized.jpg 1280w, https:\/\/kallenborn-stukkateur.de\/wp\/wp-content\/uploads\/2014\/02\/20140227_131056_resized-300x225.jpg 300w, https:\/\/kallenborn-stukkateur.de\/wp\/wp-content\/uploads\/2014\/02\/20140227_131056_resized-1024x768.jpg 1024w, https:\/\/kallenborn-stukkateur.de\/wp\/wp-content\/uploads\/2014\/02\/20140227_131056_resized-400x300.jpg 400w\" sizes=\"auto, (max-width: 1280px) 100vw, 1280px\" \/><\/a><\/p>\n<p>&nbsp;<\/p>\n<p>&nbsp;<\/p>\n<p>&nbsp;<\/p>\n<p>&nbsp;<\/p>\n","protected":false},"excerpt":{"rendered":"<p>Aktuell statten wir einige Klassenr\u00e4ume des Johannes-Kepler-Gymnasium in Lebach, mit Akustikdecken KNAUF AMF aus. Damit verbessern sich die Arbeitsbedingungen\u00a0 f\u00fcr Lehrpersonal und Sch\u00fcler Zun\u00e4chst musste die Baustellenbeschickung per Kranlogistik erfolgen Dann konnte mit den eigentlichen Arbeiten, den Akustikdecken begonnen werden. &hellip; <a class=\"more-link\" href=\"https:\/\/kallenborn-stukkateur.de\/?p=312\">Weiterlesen <span class=\"meta-nav\">&rarr;<\/span><\/a><\/p>\n","protected":false},"author":2,"featured_media":0,"comment_status":"closed","ping_status":"open","sticky":false,"template":"","format":"standard","meta":{"ngg_post_thumbnail":0,"footnotes":""},"categories":[1],"tags":[],"class_list":["post-312","post","type-post","status-publish","format-standard","hentry","category-allgemein"],"_links":{"self":[{"href":"https:\/\/kallenborn-stukkateur.de\/index.php?rest_route=\/wp\/v2\/posts\/312","targetHints":{"allow":["GET"]}}],"collection":[{"href":"https:\/\/kallenborn-stukkateur.de\/index.php?rest_route=\/wp\/v2\/posts"}],"about":[{"href":"https:\/\/kallenborn-stukkateur.de\/index.php?rest_route=\/wp\/v2\/types\/post"}],"author":[{"embeddable":true,"href":"https:\/\/kallenborn-stukkateur.de\/index.php?rest_route=\/wp\/v2\/users\/2"}],"replies":[{"embeddable":true,"href":"https:\/\/kallenborn-stukkateur.de\/index.php?rest_route=%2Fwp%2Fv2%2Fcomments&post=312"}],"version-history":[{"count":9,"href":"https:\/\/kallenborn-stukkateur.de\/index.php?rest_route=\/wp\/v2\/posts\/312\/revisions"}],"predecessor-version":[{"id":445,"href":"https:\/\/kallenborn-stukkateur.de\/index.php?rest_route=\/wp\/v2\/posts\/312\/revisions\/445"}],"wp:attachment":[{"href":"https:\/\/kallenborn-stukkateur.de\/index.php?rest_route=%2Fwp%2Fv2%2Fmedia&parent=312"}],"wp:term":[{"taxonomy":"category","embeddable":true,"href":"https:\/\/kallenborn-stukkateur.de\/index.php?rest_route=%2Fwp%2Fv2%2Fcategories&post=312"},{"taxonomy":"post_tag","embeddable":true,"href":"https:\/\/kallenborn-stukkateur.de\/index.php?rest_route=%2Fwp%2Fv2%2Ftags&post=312"}],"curies":[{"name":"wp","href":"https:\/\/api.w.org\/{rel}","templated":true}]}}